{"id":4673,"date":"2022-05-19T10:08:48","date_gmt":"2022-05-19T08:08:48","guid":{"rendered":"https:\/\/nvas.sk\/?p=4673"},"modified":"2022-05-19T10:08:48","modified_gmt":"2022-05-19T08:08:48","slug":"vodikovy-vlak-coradia-ilint-prvykrat-na-slovensku","status":"publish","type":"post","link":"https:\/\/nvas.sk\/en\/vodikovy-vlak-coradia-ilint-prvykrat-na-slovensku\/","title":{"rendered":"Vod\u00edkov\u00fd vlak Coradia iLint prv\u00fdkr\u00e1t na Slovensku"},"content":{"rendered":"<p><strong><em>Vod\u00edkov\u00fd vlak sa prv\u00fdkr\u00e1t predstav\u00ed \u010deskej a slovenskej verejnosti. V piatok 20. m\u00e1ja ho bude mo\u017en\u00e9 vidie\u0165 v \u017diline, Prievidzi, Nitre a Nov\u00fdch Z\u00e1mkoch. V sobotu 21. m\u00e1ja sa predstav\u00ed v Kom\u00e1rne a na bratislavskej hlavnej stanici.<\/em><\/strong><\/p>\n\n\n\n<p>Alstom Czech Republic v spolupr\u00e1ci s NVAS pripravuje prv\u00fa promo akciu svojho druhu na Slovensku &#8211; uk\u00e1\u017eku vlaku&nbsp;Coradia iLint. Radi by sme V\u00e1s v mene&nbsp;Alstom Czech Republic (\u010dlena NVAS)&nbsp;pozvali na jedine\u010dn\u00fa uk\u00e1\u017eku vyu\u017eitia vod\u00edka v \u017eelezni\u010dnej doprave. Tento vlak s nulov\u00fdmi emisiami a n\u00edzkou hlu\u010dnos\u0165ou m\u00f4\u017ee by\u0165 vynikaj\u00facou n\u00e1hradou za starn\u00face dieselov\u00e9 vlaky. Z\u00e1rove\u0148 nepotrebuje \u017eiadne palivo dovezen\u00e9 zo zahrani\u010dia.&nbsp;<\/p>\n\n\n\n<p>V pr\u00edpade, \u017ee sa mienite z\u00fa\u010dastni\u0165 sk\u00fa\u0161obnej jazdy vo vod\u00edkovom vlaku a e\u0161te ste tak neurobili, registrujte sa pros\u00edm&nbsp;<a href=\"https:\/\/dmanalytics2.com\/click?u=https%3A%2F%2Fdocs.google.com%2Fforms%2Fd%2Fe%2F1FAIpQLSeOekUcRZG-TiVQweqd7_bNaNELZ6Bqh2cypIOz09R1Ms1Pvg%2Fviewform%3Futm_campaign%3DCVS1121%26utm_term%3DTU%26utm_medium%3Demail%26utm_source%3Ddirectmailmac&amp;i=3&amp;d=2URpDNr7REqowl0g_acyrw&amp;e=l.weiterschutz%40nvas.sk&amp;a=AAE4imJ4Q2uL48Q7e57_2w&amp;s=620b4nJXkuo\">HERE<\/a>. Na prezent\u00e1cie po\u010das zast\u00e1vok je vstup vo\u013en\u00fd.<\/p>\n\n\n\n<div style=\"height:33px\" aria-hidden=\"true\" class=\"wp-block-spacer\"><\/div>\n\n\n\n<div class=\"wp-block-image\"><figure class=\"aligncenter size-large\"><img decoding=\"async\" src=\"https:\/\/nvas.sk\/wp-content\/uploads\/2022\/05\/Obrazok1-1-1-724x1024.png\" alt=\"\" class=\"wp-image-4674\"\/><\/figure><\/div>\n\n\n\n<div class=\"wp-block-image\"><figure class=\"aligncenter size-large\"><img decoding=\"async\" src=\"https:\/\/nvas.sk\/wp-content\/uploads\/2022\/05\/2-1-1-724x1024.png\" alt=\"\" class=\"wp-image-4675\"\/><\/figure><\/div>\n\n\n\n<p><\/p>\n\n\n\n<div class=\"wp-block-image\"><figure class=\"aligncenter size-large\"><img decoding=\"async\" src=\"https:\/\/nvas.sk\/wp-content\/uploads\/2022\/05\/3-1-1-724x1024.png\" alt=\"\" class=\"wp-image-4676\"\/><\/figure><\/div>\n\n\n\n<p><\/p>\n\n\n\n<div class=\"wp-block-buttons is-layout-flex wp-block-buttons-is-layout-flex\">\n<div class=\"wp-block-button\"><a class=\"wp-block-button__link has-vivid-green-cyan-background-color has-background\" href=\"https:\/\/www.vlaky.net\/zeleznice\/spravy\/8259-Vodikovy-vlak-sa-prvykrat-predstavi-ceskej-a-slovenskej-verejnosti\/\" target=\"_blank\" rel=\"noreferrer noopener\">Zdroj<\/a><\/div>\n<\/div>\n\n\n\n<div style=\"height:100px\" aria-hidden=\"true\" class=\"wp-block-spacer\"><\/div>","protected":false},"excerpt":{"rendered":"<p>Vod\u00edkov\u00fd vlak sa prv\u00fdkr\u00e1t predstav\u00ed \u010deskej a slovenskej verejnosti. V piatok 20. m\u00e1ja ho bude mo\u017en\u00e9 vidie\u0165 v \u017diline, Prievidzi,<span class=\"excerpt-hellip\"> [\u2026]<\/span><\/p>\n","protected":false},"author":4,"featured_media":4677,"comment_status":"closed","ping_status":"open","sticky":false,"template":"","format":"standard","meta":{"_EventAllDay":false,"_EventTimezone":"","_EventStartDate":"","_EventEndDate":"","_EventStartDateUTC":"","_EventEndDateUTC":"","_EventShowMap":false,"_EventShowMapLink":false,"_EventURL":"","_EventCost":"","_EventCostDescription":"","_EventCurrencySymbol":"","_EventCurrencyCode":"","_EventCurrencyPosition":"","_EventDateTimeSeparator":"","_EventTimeRangeSeparator":"","_EventOrganizerID":[],"_EventVenueID":[0,0,0,0,0],"_OrganizerEmail":"","_OrganizerPhone":"","_OrganizerWebsite":"","_VenueAddress":"","_VenueCity":"","_VenueCountry":"","_VenueProvince":"","_VenueState":"","_VenueZip":"","_VenuePhone":"","_VenueURL":"","_VenueStateProvince":"","_VenueLat":"","_VenueLng":"","_VenueShowMap":false,"_VenueShowMapLink":false,"footnotes":""},"categories":[38],"tags":[],"class_list":["post-4673","post","type-post","status-publish","format-standard","has-post-thumbnail","hentry","category-sk-clanky"],"_links":{"self":[{"href":"https:\/\/nvas.sk\/en\/wp-json\/wp\/v2\/posts\/4673","targetHints":{"allow":["GET"]}}],"collection":[{"href":"https:\/\/nvas.sk\/en\/wp-json\/wp\/v2\/posts"}],"about":[{"href":"https:\/\/nvas.sk\/en\/wp-json\/wp\/v2\/types\/post"}],"author":[{"embeddable":true,"href":"https:\/\/nvas.sk\/en\/wp-json\/wp\/v2\/users\/4"}],"replies":[{"embeddable":true,"href":"https:\/\/nvas.sk\/en\/wp-json\/wp\/v2\/comments?post=4673"}],"version-history":[{"count":0,"href":"https:\/\/nvas.sk\/en\/wp-json\/wp\/v2\/posts\/4673\/revisions"}],"wp:featuredmedia":[{"embeddable":true,"href":"https:\/\/nvas.sk\/en\/wp-json\/wp\/v2\/media\/4677"}],"wp:attachment":[{"href":"https:\/\/nvas.sk\/en\/wp-json\/wp\/v2\/media?parent=4673"}],"wp:term":[{"taxonomy":"category","embeddable":true,"href":"https:\/\/nvas.sk\/en\/wp-json\/wp\/v2\/categories?post=4673"},{"taxonomy":"post_tag","embeddable":true,"href":"https:\/\/nvas.sk\/en\/wp-json\/wp\/v2\/tags?post=4673"}],"curies":[{"name":"wp","href":"https:\/\/api.w.org\/{rel}","templated":true}]}}