{"id":733,"date":"2020-07-09T00:40:39","date_gmt":"2020-07-08T22:40:39","guid":{"rendered":"https:\/\/nvas.sk\/?p=733"},"modified":"2020-07-09T00:40:39","modified_gmt":"2020-07-08T22:40:39","slug":"europska-vodikova-strategia","status":"publish","type":"post","link":"https:\/\/nvas.sk\/en\/europska-vodikova-strategia\/","title":{"rendered":"Eur\u00f3pska vod\u00edkov\u00e1 strat\u00e9gia"},"content":{"rendered":"<p>\u010cl\u00e1nok je prebran\u00fd z <a href=\"https:\/\/ec.europa.eu\/commission\/presscorner\/detail\/sk\/ip_20_1259\">tla\u010dovej spr\u00e1vy E\u00da<\/a>.<\/p>\n\n\n\n<figure class=\"wp-block-pullquote\"><blockquote><p>&#8220;<em>Dnes prijat\u00e9 strat\u00e9gie posil\u0148uj\u00fa eur\u00f3psku zelen\u00fa dohodu a zelen\u00fa obnovu a ur\u010duj\u00fa n\u00e1\u0161 jasn\u00fd smer na ceste k elimin\u00e1cii emisi\u00ed uhl\u00edka v na\u0161om hospod\u00e1rstve do roku 2050. Nov\u00e1 vod\u00edkov\u00e1 ekonomika m\u00f4\u017ee by\u0165 hnac\u00edm motorom, ktor\u00fd n\u00e1m pom\u00f4\u017ee prekona\u0165 hospod\u00e1rske \u0161kody sp\u00f4soben\u00e9 pand\u00e9miou COVID-19.&nbsp;V\u010faka rozvoju a zav\u00e1dzaniu \u010dist\u00e9ho vod\u00edkov\u00e9ho hodnotov\u00e9ho re\u0165azca sa Eur\u00f3pa stane svetov\u00fdm nov\u00e1torom a udr\u017e\u00ed si svoje ved\u00face postavenie v oblasti \u010dist\u00fdch technol\u00f3gi\u00ed.<\/em>&#8221; <\/p><cite>Frans Timmermans, 8.7.2020<\/cite><\/blockquote><\/figure>\n\n\n\n<h3 class=\"wp-block-heading\">Strat\u00e9gia E\u00da pre integr\u00e1ciu energetick\u00e9ho syst\u00e9mu<\/h3>\n\n\n\n<figure class=\"wp-block-image\"><img loading=\"lazy\" decoding=\"async\" width=\"1024\" height=\"573\" src=\"https:\/\/nvas.sk\/wp-content\/uploads\/2020\/07\/Screenshot-2020-07-08-at-23.24.04-1-1024x573.png\" alt=\"\" class=\"wp-image-734\" srcset=\"https:\/\/nvas.sk\/wp-content\/uploads\/2020\/07\/Screenshot-2020-07-08-at-23.24.04-1-1024x573.png 1024w, https:\/\/nvas.sk\/wp-content\/uploads\/2020\/07\/Screenshot-2020-07-08-at-23.24.04-1-300x168.png 300w, https:\/\/nvas.sk\/wp-content\/uploads\/2020\/07\/Screenshot-2020-07-08-at-23.24.04-1-768x429.png 768w, https:\/\/nvas.sk\/wp-content\/uploads\/2020\/07\/Screenshot-2020-07-08-at-23.24.04-1-18x10.png 18w, https:\/\/nvas.sk\/wp-content\/uploads\/2020\/07\/Screenshot-2020-07-08-at-23.24.04-1-260x146.png 260w, https:\/\/nvas.sk\/wp-content\/uploads\/2020\/07\/Screenshot-2020-07-08-at-23.24.04-1-50x28.png 50w, https:\/\/nvas.sk\/wp-content\/uploads\/2020\/07\/Screenshot-2020-07-08-at-23.24.04-1-134x75.png 134w, https:\/\/nvas.sk\/wp-content\/uploads\/2020\/07\/Screenshot-2020-07-08-at-23.24.04-1.png 1148w\" sizes=\"auto, (max-width:767px) 480px, (max-width:1024px) 100vw, 1024px\" \/><\/figure>\n\n\n\n<p>Strat\u00e9gia vytvor\u00ed r\u00e1mec prechodu na zelen\u00fa energiu. Pri s\u00fa\u010dasnom modeli, kde spotreba energie v doprave, priemysle, vykurovan\u00ed a spr\u00e1ve budov prebieha v oddelen\u00fdch \u201esil\u00e1ch\u201c, z ktor\u00fdch ka\u017ed\u00e9 m\u00e1 svoje samostatn\u00e9 hodnotov\u00e9 re\u0165azce, pravidl\u00e1, pl\u00e1novanie, samostatn\u00fa infra\u0161trukt\u00faru a prev\u00e1dzku, sa n\u00e1m nepodar\u00ed dosiahnu\u0165 klimatick\u00fa neutralitu do roku 2050 n\u00e1kladovo efekt\u00edvnym sp\u00f4sobom. Zmeny v n\u00e1kladoch na inovat\u00edvne rie\u0161enia preto treba za\u010dleni\u0165 do sp\u00f4sobu fungovania n\u00e1\u0161ho energetick\u00e9ho syst\u00e9mu. Je potrebn\u00e9 vytvori\u0165 nov\u00e9 v\u00e4zby medzi odvetviami a vyu\u017ei\u0165 technologick\u00fd pokrok. Integr\u00e1cia energetick\u00e9ho syst\u00e9mu znamen\u00e1, \u017ee syst\u00e9m sa pl\u00e1nuje a prev\u00e1dzkuje ako celok, pri\u010dom sp\u00e1ja r\u00f4zne nosi\u010de energie, infra\u0161trukt\u00fary a odvetvia spotreby. Takto prepojen\u00fd a flexibiln\u00fd syst\u00e9m bude efekt\u00edvnej\u0161\u00ed a \u013eu\u010fom prinesie ni\u017e\u0161ie n\u00e1klady. P\u00f4jde napr\u00edklad o syst\u00e9m, v ktorom by elektrick\u00e1 energia ur\u010den\u00e1 na pohon eur\u00f3pskych automobilov, mohla poch\u00e1dza\u0165 zo sol\u00e1rnych panelov na na\u0161ich strech\u00e1ch, k\u00fdm na\u0161e budovy by dost\u00e1vali teplo z ne\u010falekej tov\u00e1rne poh\u00e1\u0148anej \u010dist\u00fdm vod\u00edkom vyroben\u00fdm z veternej energie na mori.<\/p>\n\n\n\n<div class=\"wp-block-button aligncenter\"><a class=\"wp-block-button__link has-vivid-green-cyan-background-color has-background\" href=\"https:\/\/ec.europa.eu\/energy\/sites\/ener\/files\/energy_system_integration_strategy_.pdf\">stiahnu\u0165 strat\u00e9giu<\/a><\/div>\n\n\n\n<hr class=\"wp-block-separator is-style-dots\"\/>\n\n\n\n<div class=\"wp-block-button aligncenter\"><a class=\"wp-block-button__link has-cyan-bluish-gray-background-color has-background\" href=\"https:\/\/ec.europa.eu\/commission\/presscorner\/api\/files\/attachment\/865947\/EU_Energy_System_Integration_Strategy.pdf.pdf\">stiahnu\u0165 infolist<\/a><\/div>\n\n\n\n<hr class=\"wp-block-separator is-style-dots\"\/>\n\n\n\n<div class=\"wp-block-button aligncenter\"><a class=\"wp-block-button__link has-luminous-vivid-amber-background-color has-background\" href=\"https:\/\/ec.europa.eu\/commission\/presscorner\/detail\/sk\/qanda_20_1258\">ot\u00e1zky a odpovede<\/a><\/div>\n\n\n\n<hr class=\"wp-block-separator\"\/>\n\n\n\n<h3 class=\"wp-block-heading\"> Eur\u00f3pska vod\u00edkov\u00e1 strat\u00e9gia<\/h3>\n\n\n\n<figure class=\"wp-block-image\"><img decoding=\"async\" src=\"https:\/\/nvas.sk\/wp-content\/uploads\/2020\/07\/Screenshot-2020-07-08-at-23.53.54-1-1.png\" alt=\"\" class=\"wp-image-735\"\/><\/figure>\n\n\n\n<p>V integrovanom energetickom syst\u00e9me m\u00f4\u017ee vod\u00edk podporova\u0165 dekarboniz\u00e1ciu priemyslu, dopravy, v\u00fdroby elektriny a jej dod\u00e1vku do budov v celej Eur\u00f3pe. Vod\u00edkov\u00e1 strat\u00e9gia E\u00da rie\u0161i, ako tento potenci\u00e1l vyu\u017ei\u0165 v praxi pomocou invest\u00edci\u00ed, regul\u00e1cie, tvorby trhu a v\u00fdskumu a inov\u00e1ci\u00ed.Vod\u00edk je mo\u017en\u00e9 pou\u017ei\u0165 v odvetviach, ktor\u00e9 nie s\u00fa vhodn\u00e9 na elektrifik\u00e1ciu, a skladova\u0165 tak, aby sa vyv\u00e1\u017eili variabiln\u00e9 toky energie z obnovite\u013en\u00fdch zdrojov. To sa v\u0161ak d\u00e1 dosiahnu\u0165 len koordinovanou \u010dinnos\u0165ou verejn\u00fdch a s\u00fakromn\u00fdch sektorov na \u00farovni E\u00da. Prioritou je roz\u0161\u00edri\u0165 vyu\u017e\u00edvanie vod\u00edka z obnovite\u013en\u00fdch zdrojov vyr\u00e1ban\u00e9ho preva\u017ene z veternej a slne\u010dnej energie. V kr\u00e1tkodobom a strednodobom horizonte s\u00fa v\u0161ak na rap\u00eddne zn\u00ed\u017eenie emisi\u00ed a podporu rozvoja \u017eivotaschopn\u00e9ho trhu potrebn\u00e9 aj \u010fal\u0161ie formy n\u00edzkouhl\u00edkov\u00e9ho vod\u00edka.<\/p>\n\n\n\n<div class=\"wp-block-button aligncenter\"><a class=\"wp-block-button__link has-vivid-green-cyan-background-color has-background\" href=\"https:\/\/ec.europa.eu\/energy\/sites\/ener\/files\/hydrogen_strategy.pdf\">stiahnu\u0165 strat\u00e9giu<\/a><\/div>\n\n\n\n<hr class=\"wp-block-separator is-style-dots\"\/>\n\n\n\n<div class=\"wp-block-button aligncenter\"><a class=\"wp-block-button__link has-cyan-bluish-gray-background-color has-background\" href=\"https:\/\/ec.europa.eu\/commission\/presscorner\/api\/files\/attachment\/865942\/EU_Hydrogen_Strategy.pdf.pdf\">stiahnu\u0165 infolist<\/a><\/div>\n\n\n\n<hr class=\"wp-block-separator is-style-dots\"\/>\n\n\n\n<div class=\"wp-block-button aligncenter\"><a class=\"wp-block-button__link has-luminous-vivid-amber-background-color has-background\" href=\"https:\/\/ec.europa.eu\/commission\/presscorner\/detail\/en\/QANDA_20_1257\">ot\u00e1zky a odpovede<\/a><\/div>\n\n\n\n<hr class=\"wp-block-separator\"\/>\n\n\n\n<div class=\"wp-block-image\"><figure class=\"aligncenter\"><img loading=\"lazy\" decoding=\"async\" width=\"300\" height=\"90\" src=\"https:\/\/nvas.sk\/wp-content\/uploads\/2020\/07\/Screenshot-2020-07-09-at-00.27.36-1-300x90.png\" alt=\"\" class=\"wp-image-740\" srcset=\"https:\/\/nvas.sk\/wp-content\/uploads\/2020\/07\/Screenshot-2020-07-09-at-00.27.36-1-300x90.png 300w, https:\/\/nvas.sk\/wp-content\/uploads\/2020\/07\/Screenshot-2020-07-09-at-00.27.36-1-1024x307.png 1024w, https:\/\/nvas.sk\/wp-content\/uploads\/2020\/07\/Screenshot-2020-07-09-at-00.27.36-1-768x231.png 768w, https:\/\/nvas.sk\/wp-content\/uploads\/2020\/07\/Screenshot-2020-07-09-at-00.27.36-1-18x5.png 18w, https:\/\/nvas.sk\/wp-content\/uploads\/2020\/07\/Screenshot-2020-07-09-at-00.27.36-1-260x78.png 260w, https:\/\/nvas.sk\/wp-content\/uploads\/2020\/07\/Screenshot-2020-07-09-at-00.27.36-1-50x15.png 50w, https:\/\/nvas.sk\/wp-content\/uploads\/2020\/07\/Screenshot-2020-07-09-at-00.27.36-1-150x45.png 150w, https:\/\/nvas.sk\/wp-content\/uploads\/2020\/07\/Screenshot-2020-07-09-at-00.27.36-1.png 1106w\" sizes=\"auto, (max-width:767px) 300px, 300px\" \/><\/figure><\/div>\n\n\n\n<p class=\"has-text-align-center\"><a href=\"https:\/\/ec.europa.eu\/info\/sites\/info\/files\/research_and_innovation\/research_by_area\/documents\/ec_rtd_hydrogen-factsheet.pdf\">Stiahnu\u0165 let\u00e1k<\/a><\/p>\n\n\n\n<hr class=\"wp-block-separator\"\/>\n\n\n\n<h3 class=\"wp-block-heading\">Eur\u00f3pska aliancia pre \u010dist\u00fd vod\u00edk<\/h3>\n\n\n\n<figure class=\"wp-block-image\"><img loading=\"lazy\" decoding=\"async\" width=\"1024\" height=\"575\" src=\"https:\/\/nvas.sk\/wp-content\/uploads\/2020\/07\/clean-hydrogen-alliance-1-1-1024x575.png\" alt=\"\" class=\"wp-image-732\" srcset=\"https:\/\/nvas.sk\/wp-content\/uploads\/2020\/07\/clean-hydrogen-alliance-1-1-1024x575.png 1024w, https:\/\/nvas.sk\/wp-content\/uploads\/2020\/07\/clean-hydrogen-alliance-1-1-300x169.png 300w, https:\/\/nvas.sk\/wp-content\/uploads\/2020\/07\/clean-hydrogen-alliance-1-1-768x431.png 768w, https:\/\/nvas.sk\/wp-content\/uploads\/2020\/07\/clean-hydrogen-alliance-1-1-18x10.png 18w, https:\/\/nvas.sk\/wp-content\/uploads\/2020\/07\/clean-hydrogen-alliance-1-1-260x146.png 260w, https:\/\/nvas.sk\/wp-content\/uploads\/2020\/07\/clean-hydrogen-alliance-1-1-50x28.png 50w, https:\/\/nvas.sk\/wp-content\/uploads\/2020\/07\/clean-hydrogen-alliance-1-1-134x75.png 134w, https:\/\/nvas.sk\/wp-content\/uploads\/2020\/07\/clean-hydrogen-alliance-1-1.png 1200w\" sizes=\"auto, (max-width:767px) 480px, (max-width:1024px) 100vw, 1024px\" \/><\/figure>\n\n\n\n<p>S cie\u013eom pom\u00f4c\u0165 pri plnen\u00ed cie\u013eov vod\u00edkovej strat\u00e9gie dnes Komisia v spolupr\u00e1ci s popredn\u00fdmi predstavite\u013emi priemyslu, z\u00e1stupcami ob\u010dianskej spolo\u010dnosti, n\u00e1rodn\u00fdmi a region\u00e1lnymi ministrami a Eur\u00f3pskou investi\u010dnou bankou zaklad\u00e1&nbsp;<a href=\"https:\/\/ec.europa.eu\/growth\/industry\/policy\/european-clean-hydrogen-alliance_en\">Eur\u00f3psku alianciu pre \u010dist\u00fd vod\u00edk<\/a>. Aliancia zriadi investi\u010dn\u00fd port\u00e1l pre roz\u0161iruj\u00facu sa v\u00fdrobu a podpor\u00ed dopyt po \u010distom vod\u00edku v E\u00da. S cie\u013eom zamera\u0165 podporu na naj\u010distej\u0161ie dostupn\u00e9 technol\u00f3gie vypracuje Komisia spolo\u010dn\u00e9 normy, terminol\u00f3giu a certifik\u00e1ciu na z\u00e1klade \u017eivotn\u00e9ho cyklu uhl\u00edkov\u00fdch emisi\u00ed, ktor\u00e9 bud\u00fa vych\u00e1dza\u0165 z existuj\u00facich pr\u00e1vnych predpisov v oblasti kl\u00edmy a energetiky a bud\u00fa v s\u00falade s taxon\u00f3miou E\u00da v oblasti udr\u017eate\u013en\u00fdch invest\u00edci\u00ed. Komisia navrhne politick\u00e9 a regula\u010dn\u00e9 opatrenia ako z\u00e1ruku pre investorov, na u\u013eah\u010denie vyu\u017e\u00edvania vod\u00edka, podporu potrebn\u00fdch infra\u0161trukt\u00far a logistick\u00fdch siet\u00ed, prisp\u00f4sobenie n\u00e1strojov pl\u00e1novania infra\u0161trukt\u00fary a podporu invest\u00edci\u00ed, najm\u00e4 z pl\u00e1nu obnovy \u201eNextGenerationEU\u201c.<\/p>\n\n\n\n<div class=\"wp-block-button aligncenter\"><a class=\"wp-block-button__link has-vivid-green-cyan-background-color has-background\" href=\"https:\/\/ec.europa.eu\/growth\/industry\/policy\/european-clean-hydrogen-alliance_en\">viac o aliancii<\/a><\/div>\n\n\n\n<hr class=\"wp-block-separator is-style-dots\"\/>\n\n\n\n<div class=\"wp-block-button aligncenter\"><a class=\"wp-block-button__link has-cyan-bluish-gray-background-color has-background\" href=\"https:\/\/ec.europa.eu\/commission\/presscorner\/api\/files\/attachment\/865945\/European_Clean_Hydrogen_Alliance.pdf.pdf\">stiahnu\u0165 infolist<\/a><\/div>\n\n\n\n<hr class=\"wp-block-separator is-style-dots\"\/>\n\n\n\n<div class=\"wp-block-button aligncenter\"><a class=\"wp-block-button__link has-vivid-red-background-color has-background\" href=\"https:\/\/www.ech2a.eu\">web str\u00e1nka Aliancie<\/a><\/div>\n\n\n\n<p><\/p>","protected":false},"excerpt":{"rendered":"<p>\u010cl\u00e1nok je prebran\u00fd z tla\u010dovej spr\u00e1vy E\u00da. &#8220;Dnes prijat\u00e9 strat\u00e9gie posil\u0148uj\u00fa eur\u00f3psku zelen\u00fa dohodu a zelen\u00fa obnovu a ur\u010duj\u00fa n\u00e1\u0161<span class=\"excerpt-hellip\"> [\u2026]<\/span><\/p>\n","protected":false},"author":2,"featured_media":1532,"comment_status":"closed","ping_status":"open","sticky":false,"template":"","format":"standard","meta":{"_EventAllDay":false,"_EventTimezone":"","_EventStartDate":"","_EventEndDate":"","_EventStartDateUTC":"","_EventEndDateUTC":"","_EventShowMap":false,"_EventShowMapLink":false,"_EventURL":"","_EventCost":"","_EventCostDescription":"","_EventCurrencySymbol":"","_EventCurrencyCode":"","_EventCurrencyPosition":"","_EventDateTimeSeparator":"","_EventTimeRangeSeparator":"","_EventOrganizerID":[],"_EventVenueID":[],"_OrganizerEmail":"","_OrganizerPhone":"","_OrganizerWebsite":"","_VenueAddress":"","_VenueCity":"","_VenueCountry":"","_VenueProvince":"","_VenueState":"","_VenueZip":"","_VenuePhone":"","_VenueURL":"","_VenueStateProvince":"","_VenueLat":"","_VenueLng":"","_VenueShowMap":false,"_VenueShowMapLink":false,"footnotes":""},"categories":[50,44],"tags":[58],"class_list":["post-733","post","type-post","status-publish","format-standard","has-post-thumbnail","hentry","category-legislativa","category-podujatia","tag-vodikova-strategia"],"_links":{"self":[{"href":"https:\/\/nvas.sk\/en\/wp-json\/wp\/v2\/posts\/733","targetHints":{"allow":["GET"]}}],"collection":[{"href":"https:\/\/nvas.sk\/en\/wp-json\/wp\/v2\/posts"}],"about":[{"href":"https:\/\/nvas.sk\/en\/wp-json\/wp\/v2\/types\/post"}],"author":[{"embeddable":true,"href":"https:\/\/nvas.sk\/en\/wp-json\/wp\/v2\/users\/2"}],"replies":[{"embeddable":true,"href":"https:\/\/nvas.sk\/en\/wp-json\/wp\/v2\/comments?post=733"}],"version-history":[{"count":0,"href":"https:\/\/nvas.sk\/en\/wp-json\/wp\/v2\/posts\/733\/revisions"}],"wp:featuredmedia":[{"embeddable":true,"href":"https:\/\/nvas.sk\/en\/wp-json\/wp\/v2\/media\/1532"}],"wp:attachment":[{"href":"https:\/\/nvas.sk\/en\/wp-json\/wp\/v2\/media?parent=733"}],"wp:term":[{"taxonomy":"category","embeddable":true,"href":"https:\/\/nvas.sk\/en\/wp-json\/wp\/v2\/categories?post=733"},{"taxonomy":"post_tag","embeddable":true,"href":"https:\/\/nvas.sk\/en\/wp-json\/wp\/v2\/tags?post=733"}],"curies":[{"name":"wp","href":"https:\/\/api.w.org\/{rel}","templated":true}]}}